{"id":6651,"date":"2025-11-20T11:28:20","date_gmt":"2025-11-20T11:28:20","guid":{"rendered":"https:\/\/faceensemble.com\/?p=6651"},"modified":"2025-11-20T11:29:43","modified_gmt":"2025-11-20T11:29:43","slug":"6651","status":"publish","type":"post","link":"https:\/\/faceensemble.com\/de\/2025\/11\/20\/6651\/","title":{"rendered":"REVIERNACHT &#8211; Aus der Lieben gehen \/ Ein performatives Poem von Krist\u00f3f Szab\u00f3"},"content":{"rendered":"<p>REVIERNACHT 19.-23.November 2025<\/p>\n<p>Aus der Liebe gehen \/ Ein performatives Poem von Krist\u00f3f Szab\u00f3<\/p>\n<p><img data-recalc-dims=\"1\" loading=\"lazy\" decoding=\"async\" data-attachment-id=\"6617\" data-permalink=\"https:\/\/faceensemble.com\/de\/2025\/11\/20\/reviernacht\/reviernacht-6-von-6\/\" data-orig-file=\"https:\/\/i0.wp.com\/faceensemble.com\/wp-content\/uploads\/2025\/11\/Reviernacht-6-von-6.jpg?fit=2560%2C1703&amp;ssl=1\" data-orig-size=\"2560,1703\" data-comments-opened=\"1\" data-image-meta=\"{&quot;aperture&quot;:&quot;0&quot;,&quot;credit&quot;:&quot;&quot;,&quot;camera&quot;:&quot;&quot;,&quot;caption&quot;:&quot;&quot;,&quot;created_timestamp&quot;:&quot;0&quot;,&quot;copyright&quot;:&quot;Daniel Swoboba&quot;,&quot;focal_length&quot;:&quot;0&quot;,&quot;iso&quot;:&quot;0&quot;,&quot;shutter_speed&quot;:&quot;0&quot;,&quot;title&quot;:&quot;&quot;,&quot;orientation&quot;:&quot;0&quot;}\" data-image-title=\"Reviernacht (6 von 6)\" data-image-description=\"\" data-image-caption=\"\" data-large-file=\"https:\/\/i0.wp.com\/faceensemble.com\/wp-content\/uploads\/2025\/11\/Reviernacht-6-von-6.jpg?fit=748%2C497&amp;ssl=1\" class=\"alignnone size-medium wp-image-6617\" src=\"https:\/\/i0.wp.com\/faceensemble.com\/wp-content\/uploads\/2025\/11\/Reviernacht-6-von-6.jpg?resize=300%2C200&#038;ssl=1\" alt=\"\" width=\"300\" height=\"200\" srcset=\"https:\/\/i0.wp.com\/faceensemble.com\/wp-content\/uploads\/2025\/11\/Reviernacht-6-von-6.jpg?resize=300%2C200&amp;ssl=1 300w, https:\/\/i0.wp.com\/faceensemble.com\/wp-content\/uploads\/2025\/11\/Reviernacht-6-von-6.jpg?resize=1024%2C681&amp;ssl=1 1024w, https:\/\/i0.wp.com\/faceensemble.com\/wp-content\/uploads\/2025\/11\/Reviernacht-6-von-6.jpg?resize=768%2C511&amp;ssl=1 768w, https:\/\/i0.wp.com\/faceensemble.com\/wp-content\/uploads\/2025\/11\/Reviernacht-6-von-6.jpg?resize=1536%2C1022&amp;ssl=1 1536w, https:\/\/i0.wp.com\/faceensemble.com\/wp-content\/uploads\/2025\/11\/Reviernacht-6-von-6.jpg?resize=2048%2C1362&amp;ssl=1 2048w, https:\/\/i0.wp.com\/faceensemble.com\/wp-content\/uploads\/2025\/11\/Reviernacht-6-von-6.jpg?w=2244&amp;ssl=1 2244w\" sizes=\"auto, (max-width: 300px) 100vw, 300px\" \/> Foto Kata Sz\u00e9p<\/p>\n<p>Ein Liebespaar geht \u00fcber die Grenze &#8211; die Erfahrung, ihre Heimat verlassen zu haben, ersch\u00fcttert ihre enge Beziehung. Werden die Erfahrungen der Migration: der Verlust der Muttersprache, die Schuldgef\u00fchle gegangen zu sein, das Vermissen der heimischen Vertrautheit mit Licht und Schatten &#8212; ihre Liebe zerst\u00f6ren?<\/p>\n<p><img data-recalc-dims=\"1\" loading=\"lazy\" decoding=\"async\" data-attachment-id=\"6614\" data-permalink=\"https:\/\/faceensemble.com\/de\/2025\/11\/20\/reviernacht\/reviernacht-2-von-6\/\" data-orig-file=\"https:\/\/i0.wp.com\/faceensemble.com\/wp-content\/uploads\/2025\/11\/Reviernacht-2-von-6.jpg?fit=2560%2C1703&amp;ssl=1\" data-orig-size=\"2560,1703\" data-comments-opened=\"1\" data-image-meta=\"{&quot;aperture&quot;:&quot;0&quot;,&quot;credit&quot;:&quot;&quot;,&quot;camera&quot;:&quot;&quot;,&quot;caption&quot;:&quot;&quot;,&quot;created_timestamp&quot;:&quot;0&quot;,&quot;copyright&quot;:&quot;Daniel Swoboba&quot;,&quot;focal_length&quot;:&quot;0&quot;,&quot;iso&quot;:&quot;0&quot;,&quot;shutter_speed&quot;:&quot;0&quot;,&quot;title&quot;:&quot;&quot;,&quot;orientation&quot;:&quot;0&quot;}\" data-image-title=\"Reviernacht (2 von 6)\" data-image-description=\"\" data-image-caption=\"\" data-large-file=\"https:\/\/i0.wp.com\/faceensemble.com\/wp-content\/uploads\/2025\/11\/Reviernacht-2-von-6.jpg?fit=748%2C497&amp;ssl=1\" class=\"alignnone size-medium wp-image-6614\" src=\"https:\/\/i0.wp.com\/faceensemble.com\/wp-content\/uploads\/2025\/11\/Reviernacht-2-von-6.jpg?resize=300%2C200&#038;ssl=1\" alt=\"\" width=\"300\" height=\"200\" srcset=\"https:\/\/i0.wp.com\/faceensemble.com\/wp-content\/uploads\/2025\/11\/Reviernacht-2-von-6.jpg?resize=300%2C200&amp;ssl=1 300w, https:\/\/i0.wp.com\/faceensemble.com\/wp-content\/uploads\/2025\/11\/Reviernacht-2-von-6.jpg?resize=1024%2C681&amp;ssl=1 1024w, https:\/\/i0.wp.com\/faceensemble.com\/wp-content\/uploads\/2025\/11\/Reviernacht-2-von-6.jpg?resize=768%2C511&amp;ssl=1 768w, https:\/\/i0.wp.com\/faceensemble.com\/wp-content\/uploads\/2025\/11\/Reviernacht-2-von-6.jpg?resize=1536%2C1022&amp;ssl=1 1536w, https:\/\/i0.wp.com\/faceensemble.com\/wp-content\/uploads\/2025\/11\/Reviernacht-2-von-6.jpg?resize=2048%2C1362&amp;ssl=1 2048w, https:\/\/i0.wp.com\/faceensemble.com\/wp-content\/uploads\/2025\/11\/Reviernacht-2-von-6.jpg?w=2244&amp;ssl=1 2244w\" sizes=\"auto, (max-width: 300px) 100vw, 300px\" \/> Foto Kata Sz\u00e9p<\/p>\n<p>PRESSE:<\/p>\n<p>&#8222;..Erneut ist dem F.A.C.E. Ensemble ein Glanzst\u00fcck gelungen&#8230;&#8220;<\/p>\n<p>&#8222;Sinnliches zum Nachdenken..&#8220;<\/p>\n<p>Spieltermine:<\/p>\n<p>20, 21, 22, November 2025 Beginn 20 Uhr<\/p>\n<p>23. November 2025 Beginn 18 Uhr<\/p>\n<p>Spielort: Alte Feuerwache K\u00f6ln, Halle im Innenhof<\/p>\n<p>&nbsp;<\/p>\n<p>Mehr Infos und Tickets: <a href=\"http:\/\/www.rausgegangen.de\" rel=\"nofollow\">http:\/\/www.rausgegangen.de<\/a><\/p>\n<p><img data-recalc-dims=\"1\" loading=\"lazy\" decoding=\"async\" data-attachment-id=\"6635\" data-permalink=\"https:\/\/faceensemble.com\/de\/https-faceensemble-com-de-actual\/dscf0969_reviernacht_gp\/\" data-orig-file=\"https:\/\/i0.wp.com\/faceensemble.com\/wp-content\/uploads\/2025\/11\/DSCF0969_Reviernacht_GP.jpg?fit=5044%2C3363&amp;ssl=1\" data-orig-size=\"5044,3363\" data-comments-opened=\"1\" data-image-meta=\"{&quot;aperture&quot;:&quot;2&quot;,&quot;credit&quot;:&quot;OLIVER STROEMER&quot;,&quot;camera&quot;:&quot;X-Pro2&quot;,&quot;caption&quot;:&quot;&quot;,&quot;created_timestamp&quot;:&quot;1763069069&quot;,&quot;copyright&quot;:&quot;AMAZE&quot;,&quot;focal_length&quot;:&quot;23&quot;,&quot;iso&quot;:&quot;4000&quot;,&quot;shutter_speed&quot;:&quot;0.008&quot;,&quot;title&quot;:&quot;&quot;,&quot;orientation&quot;:&quot;0&quot;}\" data-image-title=\"DSCF0969_Reviernacht_GP\" data-image-description=\"\" data-image-caption=\"\" data-large-file=\"https:\/\/i0.wp.com\/faceensemble.com\/wp-content\/uploads\/2025\/11\/DSCF0969_Reviernacht_GP.jpg?fit=748%2C499&amp;ssl=1\" class=\"alignnone size-medium wp-image-6635\" src=\"https:\/\/i0.wp.com\/faceensemble.com\/wp-content\/uploads\/2025\/11\/DSCF0969_Reviernacht_GP.jpg?resize=300%2C200&#038;ssl=1\" alt=\"\" width=\"300\" height=\"200\" srcset=\"https:\/\/i0.wp.com\/faceensemble.com\/wp-content\/uploads\/2025\/11\/DSCF0969_Reviernacht_GP.jpg?resize=300%2C200&amp;ssl=1 300w, https:\/\/i0.wp.com\/faceensemble.com\/wp-content\/uploads\/2025\/11\/DSCF0969_Reviernacht_GP.jpg?resize=1024%2C683&amp;ssl=1 1024w, https:\/\/i0.wp.com\/faceensemble.com\/wp-content\/uploads\/2025\/11\/DSCF0969_Reviernacht_GP.jpg?resize=768%2C512&amp;ssl=1 768w, https:\/\/i0.wp.com\/faceensemble.com\/wp-content\/uploads\/2025\/11\/DSCF0969_Reviernacht_GP.jpg?resize=1536%2C1024&amp;ssl=1 1536w, https:\/\/i0.wp.com\/faceensemble.com\/wp-content\/uploads\/2025\/11\/DSCF0969_Reviernacht_GP.jpg?resize=2048%2C1365&amp;ssl=1 2048w, https:\/\/i0.wp.com\/faceensemble.com\/wp-content\/uploads\/2025\/11\/DSCF0969_Reviernacht_GP.jpg?w=2244&amp;ssl=1 2244w\" sizes=\"auto, (max-width: 300px) 100vw, 300px\" \/> <img data-recalc-dims=\"1\" loading=\"lazy\" decoding=\"async\" data-attachment-id=\"6638\" data-permalink=\"https:\/\/faceensemble.com\/de\/https-faceensemble-com-de-actual\/dscf1152_reviernacht_gp\/\" data-orig-file=\"https:\/\/i0.wp.com\/faceensemble.com\/wp-content\/uploads\/2025\/11\/DSCF1152_Reviernacht_GP.jpg?fit=5444%2C3629&amp;ssl=1\" data-orig-size=\"5444,3629\" data-comments-opened=\"1\" data-image-meta=\"{&quot;aperture&quot;:&quot;2.5&quot;,&quot;credit&quot;:&quot;OLIVER STROEMER&quot;,&quot;camera&quot;:&quot;X-Pro2&quot;,&quot;caption&quot;:&quot;&quot;,&quot;created_timestamp&quot;:&quot;1763071305&quot;,&quot;copyright&quot;:&quot;AMAZE&quot;,&quot;focal_length&quot;:&quot;23&quot;,&quot;iso&quot;:&quot;1600&quot;,&quot;shutter_speed&quot;:&quot;0.008&quot;,&quot;title&quot;:&quot;&quot;,&quot;orientation&quot;:&quot;0&quot;}\" data-image-title=\"DSCF1152_Reviernacht_GP\" data-image-description=\"\" data-image-caption=\"\" data-large-file=\"https:\/\/i0.wp.com\/faceensemble.com\/wp-content\/uploads\/2025\/11\/DSCF1152_Reviernacht_GP.jpg?fit=748%2C499&amp;ssl=1\" class=\"alignnone size-medium wp-image-6638\" src=\"https:\/\/i0.wp.com\/faceensemble.com\/wp-content\/uploads\/2025\/11\/DSCF1152_Reviernacht_GP.jpg?resize=300%2C200&#038;ssl=1\" alt=\"\" width=\"300\" height=\"200\" srcset=\"https:\/\/i0.wp.com\/faceensemble.com\/wp-content\/uploads\/2025\/11\/DSCF1152_Reviernacht_GP.jpg?resize=300%2C200&amp;ssl=1 300w, https:\/\/i0.wp.com\/faceensemble.com\/wp-content\/uploads\/2025\/11\/DSCF1152_Reviernacht_GP.jpg?resize=1024%2C683&amp;ssl=1 1024w, https:\/\/i0.wp.com\/faceensemble.com\/wp-content\/uploads\/2025\/11\/DSCF1152_Reviernacht_GP.jpg?resize=768%2C512&amp;ssl=1 768w, https:\/\/i0.wp.com\/faceensemble.com\/wp-content\/uploads\/2025\/11\/DSCF1152_Reviernacht_GP.jpg?resize=1536%2C1024&amp;ssl=1 1536w, https:\/\/i0.wp.com\/faceensemble.com\/wp-content\/uploads\/2025\/11\/DSCF1152_Reviernacht_GP.jpg?resize=2048%2C1365&amp;ssl=1 2048w, https:\/\/i0.wp.com\/faceensemble.com\/wp-content\/uploads\/2025\/11\/DSCF1152_Reviernacht_GP.jpg?w=2244&amp;ssl=1 2244w\" sizes=\"auto, (max-width: 300px) 100vw, 300px\" \/><\/p>\n<p>Fotos Oliver Stroemer &#8211; AMAZE<\/p>\n","protected":false},"excerpt":{"rendered":"<p>REVIERNACHT 19.-23.November 2025 Aus der Liebe gehen \/ Ein performatives Poem von Krist\u00f3f Szab\u00f3 Foto Kata Sz\u00e9p Ein Liebespaar geht \u00fcber die Grenze &#8211; die Erfahrung, ihre Heimat verlassen zu haben, ersch\u00fcttert ihre enge Beziehung. Werden die Erfahrungen der Migration: der Verlust der Muttersprache, die Schuldgef\u00fchle gegangen zu sein, das Vermissen der heimischen Vertrautheit mit &hellip; <a class=\"more-link\" href=\"https:\/\/faceensemble.com\/de\/2025\/11\/20\/6651\/\">Mehr <span class=\"screen-reader-text\">REVIERNACHT &#8211; Aus der Lieben gehen \/ Ein performatives Poem von Krist\u00f3f Szab\u00f3<\/span><\/a><\/p>\n","protected":false},"author":12093239,"featured_media":0,"comment_status":"open","ping_status":"open","sticky":false,"template":"","format":"standard","meta":{"_coblocks_attr":"","_coblocks_dimensions":"","_coblocks_responsive_height":"","_coblocks_accordion_ie_support":"","advanced_seo_description":"","jetpack_seo_html_title":"","jetpack_seo_noindex":false,"jetpack_seo_schema_type":"","_jetpack_newsletter_access":"","_jetpack_dont_email_post_to_subs":false,"_jetpack_newsletter_tier_id":0,"_jetpack_memberships_contains_paywalled_content":false,"_wpcom_ai_launchpad_first_post":false,"_jetpack_feature_clip_id":0,"_jetpack_memberships_contains_paid_content":false,"footnotes":"","jetpack_publicize_message":"{title}\n\n{excerpt}\n\n{url}","jetpack_publicize_feature_enabled":true,"jetpack_social_post_already_shared":true,"jetpack_social_options":{"image_generator_settings":{"template":"highway","default_image_id":0,"font":"","enabled":false},"version":2},"_wpas_customize_per_network":false,"jetpack_post_was_ever_published":false},"categories":[704369753],"tags":[],"class_list":["post-6651","post","type-post","status-publish","format-standard","hentry","category-unkategorisiert"],"jetpack_publicize_connections":[],"jetpack_likes_enabled":true,"jetpack_sharing_enabled":true,"jetpack_shortlink":"https:\/\/wp.me\/s7OOTK-6651","jetpack-related-posts":[{"id":6608,"url":"https:\/\/faceensemble.com\/2025\/11\/20\/reviernacht\/","url_meta":{"origin":6651,"position":0},"title":"REVIERNACHT","author":"567cool","date":"20. November 2025","format":false,"excerpt":"Ein Liebespaar geht \u00fcber die Grenze - die Erfahrung, ihre Heimat verlassen zu haben, ersch\u00fcttert ihre enge Beziehung. Werden die Erfahrungen der Migration: der Verlust der Muttersprache, die Schuldgef\u00fchle gegangen zu sein, das Vermissen der heimischen Vertrautheit mit Licht und Schatten -- ihre Liebe zerst\u00f6ren? PRESSE: \"..Erneut ist dem F.A.C.E.\u2026","rel":"","context":"\u00c4hnlicher Beitrag","block_context":{"text":"\u00c4hnlicher Beitrag","link":""},"img":{"alt_text":"","src":"https:\/\/i0.wp.com\/faceensemble.com\/wp-content\/uploads\/2025\/11\/Reviernacht-6-von-6-300x200.jpg?resize=350%2C200&ssl=1","width":350,"height":200},"classes":[]},{"id":5255,"url":"https:\/\/faceensemble.com\/de\/2024\/11\/11\/zu-100-jahre-surrealismus-1924-2024\/","url_meta":{"origin":6651,"position":1},"title":"Zu 100 Jahre Surrealismus 1924 \u2013 2024","author":"567cool","date":"11. November 2024","format":false,"excerpt":"Krist\u00f3f Szab\u00f3 Reihe F.A.C.E.D.A.R.K. 1 POST SCRIPTUM. REVIERH\u00dcNDIN (Dauer 1 Stunde) Traumreise | TheaterTanz| Installation Text aus Lautr\u00e9amont Die Ges\u00e4nge des Maldoror 1. Gesang Krist\u00f3f Szab\u00f3 F.A.C.E. Ensemble | Annika Hofgesang in POSTSCRIPTUM.REVIERH\u00dcNDIN Foto \u00a9 Alaa Alatrash Gemeinsam mit dem Advokat des Teufels, der Figur des Monsters Maldoror, scannen wir\u2026","rel":"","context":"In &quot;Unkategorisiert&quot;","block_context":{"text":"Unkategorisiert","link":"https:\/\/faceensemble.com\/de\/category\/unkategorisiert\/"},"img":{"alt_text":"","src":"https:\/\/i0.wp.com\/faceensemble.com\/wp-content\/uploads\/2024\/11\/K.Szabo-F.A.C.E.-Tanzerin-Annika-Hofgesang_Foto-Alaa-Alatrash-1024x633.jpeg?resize=350%2C200&ssl=1","width":350,"height":200,"srcset":"https:\/\/i0.wp.com\/faceensemble.com\/wp-content\/uploads\/2024\/11\/K.Szabo-F.A.C.E.-Tanzerin-Annika-Hofgesang_Foto-Alaa-Alatrash-1024x633.jpeg?resize=350%2C200&ssl=1 1x, https:\/\/i0.wp.com\/faceensemble.com\/wp-content\/uploads\/2024\/11\/K.Szabo-F.A.C.E.-Tanzerin-Annika-Hofgesang_Foto-Alaa-Alatrash-1024x633.jpeg?resize=525%2C300&ssl=1 1.5x, https:\/\/i0.wp.com\/faceensemble.com\/wp-content\/uploads\/2024\/11\/K.Szabo-F.A.C.E.-Tanzerin-Annika-Hofgesang_Foto-Alaa-Alatrash-1024x633.jpeg?resize=700%2C400&ssl=1 2x"},"classes":[]},{"id":5231,"url":"https:\/\/faceensemble.com\/2024\/11\/11\/zu-100-jahre-surrealismus-1024-2024\/","url_meta":{"origin":6651,"position":2},"title":"Zu 100 Jahre Surrealismus 1924 \u2013 2024","author":"567cool","date":"11. November 2024","format":false,"excerpt":"Krist\u00f3f Szab\u00f3 Reihe F.A.C.E.D.A.R.K. 1 POST SCRIPTUM. REVIERH\u00dcNDIN (Dauer 1 Stunde) Traumreise | TheaterTanz| Installation Text aus Lautr\u00e9amont Die Ges\u00e4nge des Maldoror 1. Gesang Krist\u00f3f Szab\u00f3 F.A.C.E. Ensemble | Annika Hofgesang in POSTSCRIPTUM.REVIERH\u00dcNDIN Foto \u00a9 Alaa Alatrash Gemeinsam mit dem Advokat des Teufels, der Figur des Monsters Maldoror, scannen wir\u2026","rel":"","context":"In &quot;contemporary art&quot;","block_context":{"text":"contemporary art","link":"https:\/\/faceensemble.com\/category\/contemporary-art\/"},"img":{"alt_text":"","src":"https:\/\/i0.wp.com\/faceensemble.com\/wp-content\/uploads\/2024\/11\/K.Szabo-F.A.C.E.-Tanzerin-Annika-Hofgesang_Foto-Alaa-Alatrash-1024x633.jpeg?resize=350%2C200&ssl=1","width":350,"height":200,"srcset":"https:\/\/i0.wp.com\/faceensemble.com\/wp-content\/uploads\/2024\/11\/K.Szabo-F.A.C.E.-Tanzerin-Annika-Hofgesang_Foto-Alaa-Alatrash-1024x633.jpeg?resize=350%2C200&ssl=1 1x, https:\/\/i0.wp.com\/faceensemble.com\/wp-content\/uploads\/2024\/11\/K.Szabo-F.A.C.E.-Tanzerin-Annika-Hofgesang_Foto-Alaa-Alatrash-1024x633.jpeg?resize=525%2C300&ssl=1 1.5x, https:\/\/i0.wp.com\/faceensemble.com\/wp-content\/uploads\/2024\/11\/K.Szabo-F.A.C.E.-Tanzerin-Annika-Hofgesang_Foto-Alaa-Alatrash-1024x633.jpeg?resize=700%2C400&ssl=1 2x"},"classes":[]},{"id":264,"url":"https:\/\/faceensemble.com\/2017\/08\/26\/vaclav-havel-protest-hayir\/","url_meta":{"origin":6651,"position":3},"title":"V\u00e1clav Havel PROTEST \/ Hayir","author":"567cool","date":"26. August 2017","format":false,"excerpt":"\u00a0V\u00e1clav Havel PROTEST \/ Hayir - 20 & 21. Oktober 2017 20:00 Uhr BONN Eurotheater Central - Vanek sammelt Unterschriften: Der Musiker Javurek ist willk\u00fcrlich verhaftet worden. Soll Stanek den Protest unterschreiben - und damit ihre gute Existenz aufs Spiel setzen? Mit dem t\u00fcrkischen Staatsapparat ist nicht zu spa\u00dfen. Javurek\u2026","rel":"","context":"In &quot;F.A.C.E.-blog-posts&quot;","block_context":{"text":"F.A.C.E.-blog-posts","link":"https:\/\/faceensemble.com\/category\/f-a-c-e-blog-posts\/"},"img":{"alt_text":"","src":"","width":0,"height":0},"classes":[]},{"id":49,"url":"https:\/\/faceensemble.com\/2016\/08\/22\/intro\/","url_meta":{"origin":6651,"position":4},"title":"introduction","author":"ivo3d","date":"22. August 2016","format":false,"excerpt":"\u201c...Szab\u00f3 impressively manage to give shape to this mystic thesis of unification through sound, light, video as well as variable stage design sculptures; because the single elements merge into an artistic form which embraces far more than the simple description \u201cTheatreDance\u201d. Over and over, we experience truly magical moments, never\u2026","rel":"","context":"\u00c4hnlicher Beitrag","block_context":{"text":"\u00c4hnlicher Beitrag","link":""},"img":{"alt_text":"","src":"","width":0,"height":0},"classes":[]}],"jetpack_featured_media_url":"","_links":{"self":[{"href":"https:\/\/faceensemble.com\/de\/wp-json\/wp\/v2\/posts\/6651","targetHints":{"allow":["GET"]}}],"collection":[{"href":"https:\/\/faceensemble.com\/de\/wp-json\/wp\/v2\/posts"}],"about":[{"href":"https:\/\/faceensemble.com\/de\/wp-json\/wp\/v2\/types\/post"}],"author":[{"embeddable":true,"href":"https:\/\/faceensemble.com\/de\/wp-json\/wp\/v2\/users\/12093239"}],"replies":[{"embeddable":true,"href":"https:\/\/faceensemble.com\/de\/wp-json\/wp\/v2\/comments?post=6651"}],"version-history":[{"count":3,"href":"https:\/\/faceensemble.com\/de\/wp-json\/wp\/v2\/posts\/6651\/revisions"}],"predecessor-version":[{"id":6654,"href":"https:\/\/faceensemble.com\/de\/wp-json\/wp\/v2\/posts\/6651\/revisions\/6654"}],"wp:attachment":[{"href":"https:\/\/faceensemble.com\/de\/wp-json\/wp\/v2\/media?parent=6651"}],"wp:term":[{"taxonomy":"category","embeddable":true,"href":"https:\/\/faceensemble.com\/de\/wp-json\/wp\/v2\/categories?post=6651"},{"taxonomy":"post_tag","embeddable":true,"href":"https:\/\/faceensemble.com\/de\/wp-json\/wp\/v2\/tags?post=6651"}],"curies":[{"name":"wp","href":"https:\/\/api.w.org\/{rel}","templated":true}]}}